{"id":17761,"date":"2018-09-19T12:28:19","date_gmt":"2018-09-19T10:28:19","guid":{"rendered":"https:\/\/www.topdesk.com\/hu\/?p=17761"},"modified":"2024-09-10T13:40:56","modified_gmt":"2024-09-10T11:40:56","slug":"digitalis-transzformacio","status":"publish","type":"post","link":"https:\/\/www.topdesk.com\/hu\/blog\/digitalis-transzformacio\/","title":{"rendered":"Digit\u00e1lis transzform\u00e1ci\u00f3? Kezdje az alapokkal!"},"content":{"rendered":"<p>Mi a legnagyobb kih\u00edv\u00e1s egy IT-menedzser sz\u00e1m\u00e1ra manaps\u00e1g? Edward Clarenbach, a Business-IT Fusion programigazgat\u00f3ja szerint ez a v\u00e1llalati digitaliz\u00e1ci\u00f3. De hogyan val\u00f3sul meg mindez? Ebben a blogban Edward megosztja, hogyan hajtotta v\u00e9gre a digit\u00e1lis \u00e1talakul\u00e1st a Walravenn\u00e9l.<\/p>\n<p>Az el\u0151z\u0151 blogomban arr\u00f3l \u00edrtam, hogy mi\u00e9rt olyan fontos a digit\u00e1lis transzform\u00e1ci\u00f3 az IT-vezet\u0151k sz\u00e1m\u00e1ra. De ez nem csak az IT-menedzserek dolga, hanem az eg\u00e9sz informatikai r\u00e9szleg sz\u00e1m\u00e1ra l\u00e9tfontoss\u00e1g\u00fa. Ahhoz, hogy ez siker\u00fclj\u00f6n, el\u0151sz\u00f6r rendbe kell tenni az IT alapjait.<\/p>\n<h3>Elavult szerverek<\/h3>\n<p>Amikor h\u00e1rom \u00e9ve elkezdtem dolgozni a Walravenn\u00e9l, az IT akad\u00e1lyozta a c\u00e9g n\u00f6veked\u00e9s\u00e9t. A legnagyobb gond az volt, hogy a technol\u00f3gia messze nem volt a sz\u00fcks\u00e9ges szinten. A szerverek 90%-a t\u00f6bb mint 10 \u00e9ves volt, \u00e9s m\u00e1r nem kaptak t\u00e1mogat\u00e1st. Az adatk\u00f6zpontok f\u00f6l\u00f6tt locsol\u00f3k l\u00f3gtak, \u00e9s az e-mailek t\u00e1rhelye minden dolgoz\u00f3n\u00e1l 70 MB volt. Az Office-programok k\u00fcl\u00f6nb\u00f6z\u0151 verzi\u00f3it haszn\u00e1lt\u00e1k c\u00e9gen bel\u00fcl.<\/p>\n<p>Az IT-r\u00e9szleg szervezetileg sem volt rendben. A helyi IT-r\u00e9szlegek N\u00e9metorsz\u00e1gban, Angli\u00e1ban \u00e9s Csehorsz\u00e1gban alig m\u0171k\u00f6dtek egy\u00fctt a holland anyac\u00e9ggel. Kulcspoz\u00edci\u00f3k is hi\u00e1nyoztak, p\u00e9ld\u00e1ul szoftverfejleszt\u0151 m\u00e9rn\u00f6k\u00f6k \u00e9s tesztel\u0151k. Nem a DTAP (Development, Testing, Acceptance and Production) szerint dolgoztunk, \u00e9s helpdesk sem volt.<\/p>\n<h3>Az IT \u00e9s az \u00fczlet \u00f6sszeolvad\u00e1sa<\/h3>\n<p>A feladatom az IT \u00e9s az \u00fczlet \u00f6sszeolvaszt\u00e1sa volt, hogy az IT-r\u00e9szleg strat\u00e9giai szinten t\u00e1mogassa a c\u00e9g fejl\u0151d\u00e9s\u00e9t. Ezek a c\u00e9lok messze t\u00falmutattak az IT-oszt\u00e1ly akkori \u00e1llapot\u00e1n.<\/p>\n<p>El\u0151sz\u00f6r az IT-r\u00e9szleg saj\u00e1t dolgait kellett rendbe tenni, miel\u0151tt komoly besz\u00e9lget\u0151partner lehetett volna az \u00fczlet sz\u00e1m\u00e1ra. Az igazgat\u00f3s\u00e1gnak egy ker\u00e9kp\u00e1ros metafor\u00e1val magyar\u00e1ztam ezt el: jelenleg egy buszon \u00fcl\u00fcnk, de ahhoz, hogy az \u00e9lmez\u0151nyben tekerj\u00fcnk, el\u0151sz\u00f6r egy megfelel\u0151 csapatot kell fel\u00e9p\u00edten\u00fcnk.<\/p>\n<p>Az igazgat\u00f3s\u00e1g megd\u00f6bbent, mert azt hitt\u00e9k, hogy minden rendben van. Egy k\u00e9rd\u00e9ssel vil\u00e1g\u00edtottam r\u00e1 a helyzetre: mi t\u00f6rt\u00e9nik, ha az adatk\u00f6zpont f\u00f6l\u00f6tt l\u00f3g\u00f3 locsol\u00f3cs\u00f6vekhez \u00f6ngy\u00fajt\u00f3t tartok? A v\u00e1laszuk: \u201e8 \u00f3r\u00e1n bel\u00fcl helyre kell \u00e1ll\u00edtanunk.\u201d K\u00f6z\u00f6ltem vel\u00fck, hogy h\u00e1rom h\u00e9tre lenne sz\u00fcks\u00e9g. Ez seg\u00edtett meg\u00e9rteni\u00fck a probl\u00e9m\u00e1t, \u00e9s megadt\u00e1k a sz\u00fcks\u00e9ges teret \u00e9s p\u00e9nzt a v\u00e1ltoztat\u00e1sokhoz.<\/p>\n<h3>Az els\u0151 program: Vissza az alapokhoz<\/h3>\n<p>A &#8220;Vissza az alapokhoz&#8221; program c\u00e9lja az IT alapjainak rendbet\u00e9tele volt, mind technol\u00f3giai, mind szervezeti szempontb\u00f3l.<\/p>\n<p><strong>Jav\u00edt\u00e1s az alapokt\u00f3l<\/strong>: Az OSI-modell alapj\u00e1n k\u00e9sz\u00edtett\u00fcnk egy list\u00e1t, amit prioriz\u00e1ltunk. M\u00e1sf\u00e9l \u00e9v alatt lek\u00fczd\u00f6tt\u00fck a technol\u00f3giai lemarad\u00e1sunk k\u00e9tharmad\u00e1t, \u00e9s megsz\u00fcntett\u00fck a legnagyobb kock\u00e1zatokat.<\/p>\n<p><strong>K\u00fcl\u00f6nb\u00f6z\u0151 IT-r\u00e9szlegek k\u00f6zpontos\u00edt\u00e1sa<\/strong>: Egy eur\u00f3pai IT-csapatot kellett l\u00e9trehoznunk. Ehhez angol\u00f3r\u00e1kat szervezt\u00fcnk, \u00e9s minden IT-oszt\u00e1ly nekem riport\u00e1lt a helyi IT-vezet\u0151 helyett. Emellett egy nemzetk\u00f6zi IT-k\u00f6lts\u00e9gvet\u00e9st hoztunk l\u00e9tre.<\/p>\n<h3>A m\u00e1sodik program: A hi\u00e1nyoss\u00e1gok p\u00f3tl\u00e1sa<\/h3>\n<p>A &#8220;Hi\u00e1nyoss\u00e1gok p\u00f3tl\u00e1sa&#8221; program minden hi\u00e1nyz\u00f3 funkci\u00f3 \u00e9s poz\u00edci\u00f3 bet\u00f6lt\u00e9s\u00e9r\u0151l sz\u00f3lt. IT-szakemberekre, projektmenedzserekre \u00e9s operat\u00edv vezet\u0151kre volt sz\u00fcks\u00e9g\u00fcnk.<\/p>\n<p><strong>Megfelel\u0151 szak\u00e9rtelem az IT-oszt\u00e1lyon bel\u00fcl<\/strong>: Felvett\u00fcnk \u00faj embereket, \u00e9s \u00faj poz\u00edci\u00f3kat hoztunk l\u00e9tre, mint p\u00e9ld\u00e1ul szoftverfejleszt\u0151 m\u00e9rn\u00f6k.<\/p>\n<p><strong>Gondoskodjunk a projektmenedzsmentr\u0151l<\/strong>: \u00daj projektmenedzsereket neveztem ki, \u00e9s bevezett\u00fck a Prince2 keretrendszert.<\/p>\n<p><strong>Az adatintegrit\u00e1s el\u0151seg\u00edt\u00e9se<\/strong>: Az adatmin\u0151s\u00e9gre is nagy figyelmet ford\u00edtottunk. Hi\u00e1ba van j\u00f3l m\u0171k\u00f6d\u0151 infrastrukt\u00fara, ha az adatok nincsenek rendben.<\/p>\n<h3>M\u00e1sf\u00e9l \u00e9v eredm\u00e9nye: Egy szil\u00e1rd alap<\/h3>\n<p>M\u00e1sf\u00e9l \u00e9v ut\u00e1n siker\u00fclt l\u00e9trehozni egy szil\u00e1rd alapot. Kialak\u00edtottunk egy eur\u00f3pai IT-szervezetet, \u00e9s fel\u00e1ll\u00edtottunk egy projektmenedzsment-csapatot.<\/p>\n<p>Szeretn\u00e9l t\u00f6bbet tudni arr\u00f3l, hogy mi\u00e9rt az IT-r\u00e9szleg legyen a strat\u00e9giai innov\u00e1ci\u00f3 hajt\u00f3ereje? Olvasd el err\u0151l sz\u00f3l\u00f3 blogunkat!<\/p>\n","protected":false},"excerpt":{"rendered":"<p>Mi a legnagyobb kih\u00edv\u00e1s egy IT-menedzser sz\u00e1m\u00e1ra manaps\u00e1g? Edward Clarenbach, a Business-IT Fusion programigazgat\u00f3ja szerint ez a v\u00e1llalati digitaliz\u00e1ci\u00f3. De hogyan val\u00f3sul meg mindez? Ebben a blogban Edward megosztja, hogyan hajtotta v\u00e9gre a digit\u00e1lis \u00e1talakul\u00e1st a Walravenn\u00e9l. Az el\u0151z\u0151 blogomban arr\u00f3l \u00edrtam, hogy mi\u00e9rt olyan fontos a digit\u00e1lis transzform\u00e1ci\u00f3 az IT-vezet\u0151k sz\u00e1m\u00e1ra. De ez nem<\/p>\n","protected":false},"author":379,"featured_media":17764,"comment_status":"closed","ping_status":"closed","sticky":false,"template":"","format":"standard","meta":{"_acf_changed":false,"_searchwp_excluded":"","inline_featured_image":false,"editor_notices":[],"footnotes":""},"class_list":["post-17761","post","type-post","status-publish","format-standard","has-post-thumbnail","hentry"],"acf":{"blog_author":"","blog_hubspot_cta_link":"","toc_display":"not-visible","blog_promotion_overwrite":false,"blog_promotion":false},"yoast_head":"<!-- This site is optimized with the Yoast SEO Premium plugin v27.0 (Yoast SEO v27.0) - https:\/\/yoast.com\/product\/yoast-seo-premium-wordpress\/ -->\n<title>Digit\u00e1lis transzform\u00e1ci\u00f3? Kezdje az alapokkal! | TOPdesk Blog<\/title>\n<meta name=\"description\" content=\"Fedezd fel, hogyan val\u00f3s\u00edtotta meg a digit\u00e1lis transzform\u00e1ci\u00f3t Edward Clarenbach a Walravenn\u00e9l, \u00e9s hogyan \u00e9p\u00edtett\u00e9k fel az IT-alapokat.\" \/>\n<meta name=\"robots\" content=\"index, follow, max-snippet:-1, max-image-preview:large, max-video-preview:-1\" \/>\n<link rel=\"canonical\" href=\"https:\/\/www.topdesk.com\/hu\/blog\/digitalis-transzformacio\/\" \/>\n<meta property=\"og:locale\" content=\"en_US\" \/>\n<meta property=\"og:type\" content=\"article\" \/>\n<meta property=\"og:title\" content=\"Digit\u00e1lis transzform\u00e1ci\u00f3? Kezdje az alapokkal!\" \/>\n<meta property=\"og:description\" content=\"Fedezd fel, hogyan val\u00f3s\u00edtotta meg a digit\u00e1lis transzform\u00e1ci\u00f3t Edward Clarenbach a Walravenn\u00e9l, \u00e9s hogyan \u00e9p\u00edtett\u00e9k fel az IT-alapokat.\" \/>\n<meta property=\"og:url\" content=\"https:\/\/www.topdesk.com\/hu\/blog\/digitalis-transzformacio\/\" \/>\n<meta property=\"og:site_name\" content=\"T3 TOPdesk - HU\" \/>\n<meta property=\"article:publisher\" content=\"https:\/\/www.facebook.com\/TOPdesk\/\" \/>\n<meta property=\"article:published_time\" content=\"2018-09-19T10:28:19+00:00\" \/>\n<meta property=\"article:modified_time\" content=\"2024-09-10T11:40:56+00:00\" \/>\n<meta property=\"og:image\" content=\"https:\/\/www.topdesk.com\/hu\/wp-content\/media\/sites\/51\/Online-image-Working-Together-11.png\" \/>\n\t<meta property=\"og:image:width\" content=\"1200\" \/>\n\t<meta property=\"og:image:height\" content=\"800\" \/>\n\t<meta property=\"og:image:type\" content=\"image\/png\" \/>\n<meta name=\"author\" content=\"Camille\" \/>\n<meta name=\"twitter:card\" content=\"summary_large_image\" \/>\n<meta name=\"twitter:creator\" content=\"@topdesk\" \/>\n<meta name=\"twitter:site\" content=\"@topdesk\" \/>\n<meta name=\"twitter:label1\" content=\"Written by\" \/>\n\t<meta name=\"twitter:data1\" content=\"Camille\" \/>\n\t<meta name=\"twitter:label2\" content=\"Est. reading time\" \/>\n\t<meta name=\"twitter:data2\" content=\"3 minutes\" \/>\n<script type=\"application\/ld+json\" class=\"yoast-schema-graph\">{\"@context\":\"https:\/\/schema.org\",\"@graph\":[{\"@type\":\"Article\",\"@id\":\"https:\/\/www.topdesk.com\/hu\/blog\/digitalis-transzformacio\/#article\",\"isPartOf\":{\"@id\":\"https:\/\/www.topdesk.com\/hu\/blog\/digitalis-transzformacio\/\"},\"author\":{\"name\":\"Camille\",\"@id\":\"https:\/\/www.topdesk.com\/hu\/#\/schema\/person\/d5c66687e696681558408f7365411160\"},\"headline\":\"Digit\u00e1lis transzform\u00e1ci\u00f3? Kezdje az alapokkal!\",\"datePublished\":\"2018-09-19T10:28:19+00:00\",\"dateModified\":\"2024-09-10T11:40:56+00:00\",\"mainEntityOfPage\":{\"@id\":\"https:\/\/www.topdesk.com\/hu\/blog\/digitalis-transzformacio\/\"},\"wordCount\":767,\"publisher\":{\"@id\":\"https:\/\/www.topdesk.com\/hu\/#organization\"},\"image\":{\"@id\":\"https:\/\/www.topdesk.com\/hu\/blog\/digitalis-transzformacio\/#primaryimage\"},\"thumbnailUrl\":\"https:\/\/www.topdesk.com\/hu\/wp-content\/media\/sites\/51\/Online-image-Working-Together-11.png\",\"articleSection\":[\"ITSM\",\"Trendek\"],\"inLanguage\":\"en-US\"},{\"@type\":\"WebPage\",\"@id\":\"https:\/\/www.topdesk.com\/hu\/blog\/digitalis-transzformacio\/\",\"url\":\"https:\/\/www.topdesk.com\/hu\/blog\/digitalis-transzformacio\/\",\"name\":\"Digit\u00e1lis transzform\u00e1ci\u00f3? Kezdje az alapokkal! | TOPdesk Blog\",\"isPartOf\":{\"@id\":\"https:\/\/www.topdesk.com\/hu\/#website\"},\"primaryImageOfPage\":{\"@id\":\"https:\/\/www.topdesk.com\/hu\/blog\/digitalis-transzformacio\/#primaryimage\"},\"image\":{\"@id\":\"https:\/\/www.topdesk.com\/hu\/blog\/digitalis-transzformacio\/#primaryimage\"},\"thumbnailUrl\":\"https:\/\/www.topdesk.com\/hu\/wp-content\/media\/sites\/51\/Online-image-Working-Together-11.png\",\"datePublished\":\"2018-09-19T10:28:19+00:00\",\"dateModified\":\"2024-09-10T11:40:56+00:00\",\"description\":\"Fedezd fel, hogyan val\u00f3s\u00edtotta meg a digit\u00e1lis transzform\u00e1ci\u00f3t Edward Clarenbach a Walravenn\u00e9l, \u00e9s hogyan \u00e9p\u00edtett\u00e9k fel az IT-alapokat.\",\"breadcrumb\":{\"@id\":\"https:\/\/www.topdesk.com\/hu\/blog\/digitalis-transzformacio\/#breadcrumb\"},\"inLanguage\":\"en-US\",\"potentialAction\":[{\"@type\":\"ReadAction\",\"target\":[\"https:\/\/www.topdesk.com\/hu\/blog\/digitalis-transzformacio\/\"]}]},{\"@type\":\"ImageObject\",\"inLanguage\":\"en-US\",\"@id\":\"https:\/\/www.topdesk.com\/hu\/blog\/digitalis-transzformacio\/#primaryimage\",\"url\":\"https:\/\/www.topdesk.com\/hu\/wp-content\/media\/sites\/51\/Online-image-Working-Together-11.png\",\"contentUrl\":\"https:\/\/www.topdesk.com\/hu\/wp-content\/media\/sites\/51\/Online-image-Working-Together-11.png\",\"width\":1200,\"height\":800},{\"@type\":\"BreadcrumbList\",\"@id\":\"https:\/\/www.topdesk.com\/hu\/blog\/digitalis-transzformacio\/#breadcrumb\",\"itemListElement\":[{\"@type\":\"ListItem\",\"position\":1,\"name\":\"Home\",\"item\":\"https:\/\/www.topdesk.com\/hu\/\"},{\"@type\":\"ListItem\",\"position\":2,\"name\":\"Digit\u00e1lis transzform\u00e1ci\u00f3? Kezdje az alapokkal!\"}]},{\"@type\":\"WebSite\",\"@id\":\"https:\/\/www.topdesk.com\/hu\/#website\",\"url\":\"https:\/\/www.topdesk.com\/hu\/\",\"name\":\"TOPdesk\",\"description\":\"\",\"publisher\":{\"@id\":\"https:\/\/www.topdesk.com\/hu\/#organization\"},\"potentialAction\":[{\"@type\":\"SearchAction\",\"target\":{\"@type\":\"EntryPoint\",\"urlTemplate\":\"https:\/\/www.topdesk.com\/hu\/?s={search_term_string}\"},\"query-input\":{\"@type\":\"PropertyValueSpecification\",\"valueRequired\":true,\"valueName\":\"search_term_string\"}}],\"inLanguage\":\"en-US\"},{\"@type\":\"Organization\",\"@id\":\"https:\/\/www.topdesk.com\/hu\/#organization\",\"name\":\"TOPdesk\",\"url\":\"https:\/\/www.topdesk.com\/hu\/\",\"logo\":{\"@type\":\"ImageObject\",\"inLanguage\":\"en-US\",\"@id\":\"https:\/\/www.topdesk.com\/hu\/#\/schema\/logo\/image\/\",\"url\":\"https:\/\/www.topdesk.com\/hu\/wp-content\/media\/sites\/51\/TOPdesk_RGB_Logo.svg\",\"contentUrl\":\"https:\/\/www.topdesk.com\/hu\/wp-content\/media\/sites\/51\/TOPdesk_RGB_Logo.svg\",\"width\":1,\"height\":1,\"caption\":\"TOPdesk\"},\"image\":{\"@id\":\"https:\/\/www.topdesk.com\/hu\/#\/schema\/logo\/image\/\"},\"sameAs\":[\"https:\/\/www.facebook.com\/TOPdesk\/\",\"https:\/\/x.com\/topdesk\",\"https:\/\/www.instagram.com\/topdeskuk\/\",\"https:\/\/www.linkedin.com\/company\/topdesk\/\",\"https:\/\/www.youtube.com\/user\/topdesk\",\"https:\/\/en.wikipedia.org\/wiki\/TOPdesk\"]},{\"@type\":\"Person\",\"@id\":\"https:\/\/www.topdesk.com\/hu\/#\/schema\/person\/d5c66687e696681558408f7365411160\",\"name\":\"Camille\",\"image\":{\"@type\":\"ImageObject\",\"inLanguage\":\"en-US\",\"@id\":\"https:\/\/www.topdesk.com\/hu\/#\/schema\/person\/image\/\",\"url\":\"https:\/\/secure.gravatar.com\/avatar\/536b583efa467323a58b4378dcc4db34502b8a97a3ce830f171429d920e09488?s=96&d=mm&r=g\",\"contentUrl\":\"https:\/\/secure.gravatar.com\/avatar\/536b583efa467323a58b4378dcc4db34502b8a97a3ce830f171429d920e09488?s=96&d=mm&r=g\",\"caption\":\"Camille\"}}]}<\/script>\n<!-- \/ Yoast SEO Premium plugin. -->","yoast_head_json":{"title":"Digit\u00e1lis transzform\u00e1ci\u00f3? Kezdje az alapokkal! | TOPdesk Blog","description":"Fedezd fel, hogyan val\u00f3s\u00edtotta meg a digit\u00e1lis transzform\u00e1ci\u00f3t Edward Clarenbach a Walravenn\u00e9l, \u00e9s hogyan \u00e9p\u00edtett\u00e9k fel az IT-alapokat.","robots":{"index":"index","follow":"follow","max-snippet":"max-snippet:-1","max-image-preview":"max-image-preview:large","max-video-preview":"max-video-preview:-1"},"canonical":"https:\/\/www.topdesk.com\/hu\/blog\/digitalis-transzformacio\/","og_locale":"en_US","og_type":"article","og_title":"Digit\u00e1lis transzform\u00e1ci\u00f3? Kezdje az alapokkal!","og_description":"Fedezd fel, hogyan val\u00f3s\u00edtotta meg a digit\u00e1lis transzform\u00e1ci\u00f3t Edward Clarenbach a Walravenn\u00e9l, \u00e9s hogyan \u00e9p\u00edtett\u00e9k fel az IT-alapokat.","og_url":"https:\/\/www.topdesk.com\/hu\/blog\/digitalis-transzformacio\/","og_site_name":"T3 TOPdesk - HU","article_publisher":"https:\/\/www.facebook.com\/TOPdesk\/","article_published_time":"2018-09-19T10:28:19+00:00","article_modified_time":"2024-09-10T11:40:56+00:00","og_image":[{"width":1200,"height":800,"url":"https:\/\/www.topdesk.com\/hu\/wp-content\/media\/sites\/51\/Online-image-Working-Together-11.png","type":"image\/png"}],"author":"Camille","twitter_card":"summary_large_image","twitter_creator":"@topdesk","twitter_site":"@topdesk","twitter_misc":{"Written by":"Camille","Est. reading time":"3 minutes"},"schema":{"@context":"https:\/\/schema.org","@graph":[{"@type":"Article","@id":"https:\/\/www.topdesk.com\/hu\/blog\/digitalis-transzformacio\/#article","isPartOf":{"@id":"https:\/\/www.topdesk.com\/hu\/blog\/digitalis-transzformacio\/"},"author":{"name":"Camille","@id":"https:\/\/www.topdesk.com\/hu\/#\/schema\/person\/d5c66687e696681558408f7365411160"},"headline":"Digit\u00e1lis transzform\u00e1ci\u00f3? Kezdje az alapokkal!","datePublished":"2018-09-19T10:28:19+00:00","dateModified":"2024-09-10T11:40:56+00:00","mainEntityOfPage":{"@id":"https:\/\/www.topdesk.com\/hu\/blog\/digitalis-transzformacio\/"},"wordCount":767,"publisher":{"@id":"https:\/\/www.topdesk.com\/hu\/#organization"},"image":{"@id":"https:\/\/www.topdesk.com\/hu\/blog\/digitalis-transzformacio\/#primaryimage"},"thumbnailUrl":"https:\/\/www.topdesk.com\/hu\/wp-content\/media\/sites\/51\/Online-image-Working-Together-11.png","articleSection":["ITSM","Trendek"],"inLanguage":"en-US"},{"@type":"WebPage","@id":"https:\/\/www.topdesk.com\/hu\/blog\/digitalis-transzformacio\/","url":"https:\/\/www.topdesk.com\/hu\/blog\/digitalis-transzformacio\/","name":"Digit\u00e1lis transzform\u00e1ci\u00f3? Kezdje az alapokkal! | TOPdesk Blog","isPartOf":{"@id":"https:\/\/www.topdesk.com\/hu\/#website"},"primaryImageOfPage":{"@id":"https:\/\/www.topdesk.com\/hu\/blog\/digitalis-transzformacio\/#primaryimage"},"image":{"@id":"https:\/\/www.topdesk.com\/hu\/blog\/digitalis-transzformacio\/#primaryimage"},"thumbnailUrl":"https:\/\/www.topdesk.com\/hu\/wp-content\/media\/sites\/51\/Online-image-Working-Together-11.png","datePublished":"2018-09-19T10:28:19+00:00","dateModified":"2024-09-10T11:40:56+00:00","description":"Fedezd fel, hogyan val\u00f3s\u00edtotta meg a digit\u00e1lis transzform\u00e1ci\u00f3t Edward Clarenbach a Walravenn\u00e9l, \u00e9s hogyan \u00e9p\u00edtett\u00e9k fel az IT-alapokat.","breadcrumb":{"@id":"https:\/\/www.topdesk.com\/hu\/blog\/digitalis-transzformacio\/#breadcrumb"},"inLanguage":"en-US","potentialAction":[{"@type":"ReadAction","target":["https:\/\/www.topdesk.com\/hu\/blog\/digitalis-transzformacio\/"]}]},{"@type":"ImageObject","inLanguage":"en-US","@id":"https:\/\/www.topdesk.com\/hu\/blog\/digitalis-transzformacio\/#primaryimage","url":"https:\/\/www.topdesk.com\/hu\/wp-content\/media\/sites\/51\/Online-image-Working-Together-11.png","contentUrl":"https:\/\/www.topdesk.com\/hu\/wp-content\/media\/sites\/51\/Online-image-Working-Together-11.png","width":1200,"height":800},{"@type":"BreadcrumbList","@id":"https:\/\/www.topdesk.com\/hu\/blog\/digitalis-transzformacio\/#breadcrumb","itemListElement":[{"@type":"ListItem","position":1,"name":"Home","item":"https:\/\/www.topdesk.com\/hu\/"},{"@type":"ListItem","position":2,"name":"Digit\u00e1lis transzform\u00e1ci\u00f3? Kezdje az alapokkal!"}]},{"@type":"WebSite","@id":"https:\/\/www.topdesk.com\/hu\/#website","url":"https:\/\/www.topdesk.com\/hu\/","name":"TOPdesk","description":"","publisher":{"@id":"https:\/\/www.topdesk.com\/hu\/#organization"},"potentialAction":[{"@type":"SearchAction","target":{"@type":"EntryPoint","urlTemplate":"https:\/\/www.topdesk.com\/hu\/?s={search_term_string}"},"query-input":{"@type":"PropertyValueSpecification","valueRequired":true,"valueName":"search_term_string"}}],"inLanguage":"en-US"},{"@type":"Organization","@id":"https:\/\/www.topdesk.com\/hu\/#organization","name":"TOPdesk","url":"https:\/\/www.topdesk.com\/hu\/","logo":{"@type":"ImageObject","inLanguage":"en-US","@id":"https:\/\/www.topdesk.com\/hu\/#\/schema\/logo\/image\/","url":"https:\/\/www.topdesk.com\/hu\/wp-content\/media\/sites\/51\/TOPdesk_RGB_Logo.svg","contentUrl":"https:\/\/www.topdesk.com\/hu\/wp-content\/media\/sites\/51\/TOPdesk_RGB_Logo.svg","width":1,"height":1,"caption":"TOPdesk"},"image":{"@id":"https:\/\/www.topdesk.com\/hu\/#\/schema\/logo\/image\/"},"sameAs":["https:\/\/www.facebook.com\/TOPdesk\/","https:\/\/x.com\/topdesk","https:\/\/www.instagram.com\/topdeskuk\/","https:\/\/www.linkedin.com\/company\/topdesk\/","https:\/\/www.youtube.com\/user\/topdesk","https:\/\/en.wikipedia.org\/wiki\/TOPdesk"]},{"@type":"Person","@id":"https:\/\/www.topdesk.com\/hu\/#\/schema\/person\/d5c66687e696681558408f7365411160","name":"Camille","image":{"@type":"ImageObject","inLanguage":"en-US","@id":"https:\/\/www.topdesk.com\/hu\/#\/schema\/person\/image\/","url":"https:\/\/secure.gravatar.com\/avatar\/536b583efa467323a58b4378dcc4db34502b8a97a3ce830f171429d920e09488?s=96&d=mm&r=g","contentUrl":"https:\/\/secure.gravatar.com\/avatar\/536b583efa467323a58b4378dcc4db34502b8a97a3ce830f171429d920e09488?s=96&d=mm&r=g","caption":"Camille"}}]}},"_links":{"self":[{"href":"https:\/\/www.topdesk.com\/hu\/wp-json\/wp\/v2\/posts\/17761","targetHints":{"allow":["GET"]}}],"collection":[{"href":"https:\/\/www.topdesk.com\/hu\/wp-json\/wp\/v2\/posts"}],"about":[{"href":"https:\/\/www.topdesk.com\/hu\/wp-json\/wp\/v2\/types\/post"}],"author":[{"embeddable":true,"href":"https:\/\/www.topdesk.com\/hu\/wp-json\/wp\/v2\/users\/379"}],"replies":[{"embeddable":true,"href":"https:\/\/www.topdesk.com\/hu\/wp-json\/wp\/v2\/comments?post=17761"}],"version-history":[{"count":4,"href":"https:\/\/www.topdesk.com\/hu\/wp-json\/wp\/v2\/posts\/17761\/revisions"}],"predecessor-version":[{"id":23856,"href":"https:\/\/www.topdesk.com\/hu\/wp-json\/wp\/v2\/posts\/17761\/revisions\/23856"}],"wp:featuredmedia":[{"embeddable":true,"href":"https:\/\/www.topdesk.com\/hu\/wp-json\/wp\/v2\/media\/17764"}],"wp:attachment":[{"href":"https:\/\/www.topdesk.com\/hu\/wp-json\/wp\/v2\/media?parent=17761"}],"curies":[{"name":"wp","href":"https:\/\/api.w.org\/{rel}","templated":true}]}}