{"id":38217,"date":"2025-07-24T10:00:06","date_gmt":"2025-07-24T13:00:06","guid":{"rendered":"https:\/\/www.topdesk.com\/pt\/?p=38217"},"modified":"2025-07-02T09:44:40","modified_gmt":"2025-07-02T12:44:40","slug":"gestao-de-demandas-e-carga-de-trabalho-em-equipes","status":"publish","type":"post","link":"https:\/\/www.topdesk.com\/pt\/blog\/gestao-de-demandas-e-carga-de-trabalho-em-equipes\/","title":{"rendered":"Como a gest\u00e3o de demandas pode equilibrar a carga de trabalho em equipes?"},"content":{"rendered":"<p><span style=\"font-weight: 400\">Carga de trabalho \u00e9 um assunto delicado. N\u00e3o dificilmente alguns membros da sua equipe ficam sobrecarregados enquanto outros t\u00eam tempo livre, por melhor que seja a sua gest\u00e3o de demandas.<\/span><\/p>\n<p><span style=\"font-weight: 400\">Acontece que essa desarmonia na distribui\u00e7\u00e3o de tarefas gera uma perda na produtividade e, nos casos de sobrecarga, afetar at\u00e9 mesmo a sa\u00fade mental dos colaboradores. E a\u00ed vira um ciclo vicioso, j\u00e1 que funcion\u00e1rios com problemas individuais n\u00e3o produzem o quanto poderiam.<\/span><\/p>\n<p><span style=\"font-weight: 400\">Nesse sentido, a \u00fanica solu\u00e7\u00e3o \u00e9 trabalhar continuamente a gest\u00e3o de demandas, pois \u00e9 o \u00fanico recurso capaz de transformar completamente a din\u00e2mica do seu time.<\/span><\/p>\n<h2><span style=\"font-weight: 400\">O que \u00e9 gest\u00e3o de demandas?<\/span><\/h2>\n<p><span style=\"font-weight: 400\">A gest\u00e3o de demandas \u00e9 o processo de receber, analisar e distribuir as solicita\u00e7\u00f5es de trabalho de forma estrat\u00e9gica. Por\u00e9m, este processo requer do gestor conhecimento sobre as pessoas que est\u00e3o sob a sua responsabilidade, mais especificamente as habilidades, limita\u00e7\u00f5es e diferenciais de cada um.<\/span><\/p>\n<p><span style=\"font-weight: 400\">Assim, a <\/span><a href=\"https:\/\/www.topdesk.com\/pt\/blog\/controle-de-tarefas\/\"><span style=\"font-weight: 400\">delega\u00e7\u00e3o de tarefas<\/span><\/a><span style=\"font-weight: 400\"> combina com as potencialidades de cada um, o que \u00e9 muito mais inteligente do que distribu\u00ed-las aleatoriamente. Quando as demandas s\u00e3o distribu\u00eddas adequadamente, \u00e9 poss\u00edvel notar os seguintes benef\u00edcios:<\/span><\/p>\n<ul>\n<li style=\"font-weight: 400\"><span style=\"font-weight: 400\">maior qualidade nas entregas, j\u00e1 que ningu\u00e9m corre contra o tempo desesperadamente;<\/span><\/li>\n<li style=\"font-weight: 400\"><span style=\"font-weight: 400\">redu\u00e7\u00e3o de colaboradores estressados por sobrecarga (lembrando que esse tipo de estresse precede o burnout);<\/span><\/li>\n<li style=\"font-weight: 400\"><span style=\"font-weight: 400\">aumento da motiva\u00e7\u00e3o; e<\/span><\/li>\n<li style=\"font-weight: 400\"><span style=\"font-weight: 400\">redu\u00e7\u00e3o do turnover (rotatividade de pessoas).<\/span><\/li>\n<\/ul>\n<h2><span style=\"font-weight: 400\">Identificando desequil\u00edbrios na carga de trabalho<\/span><\/h2>\n<p><span style=\"font-weight: 400\">Para identificar desequil\u00edbrios na carga de trabalho, voc\u00ea vai precisar notar sinais que nem sempre s\u00e3o \u00f3bvios. Para piorar, h\u00e1 dois tipos de sinais: sobrecarga e subutiliza\u00e7\u00e3o.<\/span><\/p>\n<h3><span style=\"font-weight: 400\">Como identificar uma sobrecarga<\/span><\/h3>\n<p><span style=\"font-weight: 400\">Colaboradores sobrecarregados apresentam padr\u00f5es espec\u00edficos que voc\u00ea pode notar nos seguintes fatos:<\/span><\/p>\n<ul>\n<li style=\"font-weight: 400\"><span style=\"font-weight: 400\">Maria sempre entregava relat\u00f3rios impec\u00e1veis, mas nas \u00faltimas semanas tem cometido erros b\u00e1sicos;<\/span><\/li>\n<li style=\"font-weight: 400\"><span style=\"font-weight: 400\">Jo\u00e3o come\u00e7ou a responder e-mails depois das 22h com frequ\u00eancia;<\/span><\/li>\n<li style=\"font-weight: 400\"><span style=\"font-weight: 400\">Ana rejeitou tr\u00eas tarefas importantes por \u201cfalta de tempo\u201d; e<\/span><\/li>\n<li style=\"font-weight: 400\"><span style=\"font-weight: 400\">Pedro passou a se atrasar aos compromissos.<\/span><\/li>\n<\/ul>\n<p><span style=\"font-weight: 400\">\u00c9 \u00f3bvio que a ocorr\u00eancia isolada de um desses apontamentos \u00e9 comum. Atente-se, portanto, \u00e0s mudan\u00e7as s\u00fabitas no comportamento da pessoa.<\/span><\/p>\n<h3><span style=\"font-weight: 400\">Como identificar uma subutiliza\u00e7\u00e3o<\/span><\/h3>\n<p><span style=\"font-weight: 400\">A subutiliza\u00e7\u00e3o \u00e9 mais dif\u00edcil de identificar porque se disfar\u00e7a de aspectos positivos, como predisposi\u00e7\u00e3o e antecipa\u00e7\u00e3o. Quem n\u00e3o quer uma <\/span><a href=\"https:\/\/www.topdesk.com\/pt\/blog\/aumente-a-produtividade-da-equipe-com-a-ferramenta-certa\/\"><span style=\"font-weight: 400\">equipe produtiva<\/span><\/a><span style=\"font-weight: 400\">, com pessoas entregando tudo no prazo ou at\u00e9 antes? Mas observe estes sinais:<\/span><\/p>\n<ul>\n<li style=\"font-weight: 400\"><span style=\"font-weight: 400\">Carla sempre termina suas tarefas com 2 ou 3 dias de anteced\u00eancia;<\/span><\/li>\n<li style=\"font-weight: 400\"><span style=\"font-weight: 400\">Roberto frequentemente se disponibiliza para ajudar em outros projetos; e<\/span><\/li>\n<li style=\"font-weight: 400\"><span style=\"font-weight: 400\">Ricardo consegue participar de todos os treinamentos opcionais da empresa.<\/span><\/li>\n<\/ul>\n<p><span style=\"font-weight: 400\">Quando algu\u00e9m est\u00e1 sobrecarregado, a qualidade diminui, os erros e atrasos aumentam e, inevitavelmente, outras pessoas precisam ajudar. Enquanto isso, colaboradores subutilizados se sentem desvalorizados, pois sentem que t\u00eam potencial para produzir muito mais, mas est\u00e3o limitados a tarefas b\u00e1sicas.<\/span><\/p>\n<p><span style=\"font-weight: 400\">Frustra\u00e7\u00e3o de um lado e ansiedade de outro. Ambas situa\u00e7\u00f5es convergem no mesmo ponto: redu\u00e7\u00e3o na produtividade e no bem-estar da equipe.<\/span><\/p>\n<h2><span style=\"font-weight: 400\">Estrat\u00e9gias para equilibrar a carga de trabalho<\/span><\/h2>\n<p><span style=\"font-weight: 400\">H\u00e1 tr\u00eas estrat\u00e9gias fundamentais que podem transformar a gest\u00e3o de demandas na sua equipe: a prioriza\u00e7\u00e3o de tarefas, a delega\u00e7\u00e3o eficaz e o uso de metodologias \u00e1geis. Vamos dar uma olhada.<\/span><\/p>\n<h3><span style=\"font-weight: 400\">Prioriza\u00e7\u00e3o de tarefas<\/span><\/h3>\n<p><span style=\"font-weight: 400\">Nem todas as tarefas nasceram iguais. Algumas s\u00e3o urgentes e importantes, outras s\u00e3o apenas ru\u00eddo. Mas como separar o joio do trigo?<\/span><\/p>\n<p><span style=\"font-weight: 400\">A t\u00e9cnica mais eficaz \u00e9 a <\/span><a href=\"https:\/\/www.topdesk.com\/pt\/blog\/controle-de-tarefas\/\"><span style=\"font-weight: 400\">Matriz de Eisenhower<\/span><\/a><span style=\"font-weight: 400\">, que frequentemente aparece nos nossos artigos. Consiste em voc\u00ea priorizar as tarefas utilizando a disposi\u00e7\u00e3o de uma grade com quatro quadrantes:<\/span><\/p>\n<ul>\n<li style=\"font-weight: 400\"><span style=\"font-weight: 400\">Urgente + Importante: Fa\u00e7a agora<\/span><\/li>\n<li style=\"font-weight: 400\"><span style=\"font-weight: 400\">Importante + N\u00e3o urgente: Programe<\/span><\/li>\n<li style=\"font-weight: 400\"><span style=\"font-weight: 400\">Urgente + N\u00e3o importante: Delegue<\/span><\/li>\n<li style=\"font-weight: 400\"><span style=\"font-weight: 400\">N\u00e3o urgente + N\u00e3o importante: Elimine<\/span><\/li>\n<\/ul>\n<p><span style=\"font-weight: 400\">Aqui est\u00e1 um exemplo pr\u00e1tico: resolver um bug cr\u00edtico no sistema sempre ser\u00e1 prioridade m\u00e1xima (urgente e importante). Mas sabe aquele relat\u00f3rio mensal que sempre consome muito tempo? Reflita se ele \u00e9 realmente necess\u00e1rio para a tomada de decis\u00f5es. Se n\u00e3o for, talvez esteja na hora de deleg\u00e1-lo \u2014 o que nos leva ao pr\u00f3ximo t\u00f3pico.<\/span><\/p>\n<h3><span style=\"font-weight: 400\">Delega\u00e7\u00e3o eficaz<\/span><\/h3>\n<p><span style=\"font-weight: 400\">Delegar n\u00e3o \u00e9 &#8220;se livrar&#8221; de tarefas. \u00c9 combinar a pessoa certa com o desafio certo no momento certo. Voc\u00ea n\u00e3o pediria para um violinista tocar bateria numa apresenta\u00e7\u00e3o importante. Portanto, uma delega\u00e7\u00e3o eficaz deve conter:<\/span><\/p>\n<ul>\n<li style=\"font-weight: 400\"><span style=\"font-weight: 400\">Clareza: explica\u00e7\u00e3o do que precisa ser feito, de como a pessoa pode fazer, do porqu\u00ea a tarefa \u00e9 necess\u00e1ria e at\u00e9 quando precisa estar pronta;<\/span><\/li>\n<li style=\"font-weight: 400\"><span style=\"font-weight: 400\">Recursos: ferramentas, or\u00e7amento e informa\u00e7\u00f5es concernentes; e<\/span><\/li>\n<li style=\"font-weight: 400\"><span style=\"font-weight: 400\">Feedback cont\u00ednuo: reconhecer um trabalho bem feito e sugerir corre\u00e7\u00f5es para as pr\u00f3ximas ocorr\u00eancias.<\/span><\/li>\n<\/ul>\n<h3><span style=\"font-weight: 400\">Uso de metodologias \u00e1geis<\/span><\/h3>\n<p><span style=\"font-weight: 400\">As <\/span><a href=\"https:\/\/www.topdesk.com\/pt\/blog\/kanban-lean-thinking-scrum-frameworks-metodologia-agil\/\"><span style=\"font-weight: 400\">metodologias \u00e1geis<\/span><\/a><span style=\"font-weight: 400\"> s\u00e3o como um GPS para gest\u00e3o de demandas, pois mostram onde voc\u00ea est\u00e1 e qu\u00e3o perto\/longe a equipe est\u00e1 da realiza\u00e7\u00e3o de algo.<\/span><\/p>\n<p><span style=\"font-weight: 400\">Com o Scrum, por exemplo, todos trabalham em ciclos (sprints, normalmente de 2 a 4 semanas) e no in\u00edcio de cada ciclo avaliam a capacidade real de execu\u00e7\u00e3o das tarefas. Se houver sobrecarga ou subutiliza\u00e7\u00e3o, \u00e9 s\u00f3 redistribuir.<\/span><\/p>\n<p><span style=\"font-weight: 400\">Outra metodologia \u00e9 a visualiza\u00e7\u00e3o das tarefas em Kanban. Trata-se de um quadro visual onde todas as demandas ficam organizadas em colunas &#8220;a fazer&#8221;, &#8220;fazendo&#8221; e &#8220;feito&#8221;. A m\u00e1gica acontece quando voc\u00ea consegue visualizar gargalos e rebalancear a carga de trabalho em tempo real.<\/span><\/p>\n<p><span style=\"font-weight: 400\">O mais interessante \u00e9 que essas metodologias promovem transpar\u00eancia. Todo mundo v\u00ea quem est\u00e1 fazendo o qu\u00ea, eliminando aquela sensa\u00e7\u00e3o de &#8220;eu trabalho mais que fulano&#8221;.<\/span><\/p>\n<h2><span style=\"font-weight: 400\">Revolucione sua gest\u00e3o de demandas com automa\u00e7\u00e3o<\/span><\/h2>\n<p><span style=\"font-weight: 400\">Sendo a gest\u00e3o de demandas fundamental para evitar sobrecarga e subutiliza\u00e7\u00e3o de colaboradores, o software TOPdesk surge como uma solu\u00e7\u00e3o tecnol\u00f3gica que n\u00e3o apenas facilita essa gest\u00e3o, mas a transforma completamente atrav\u00e9s da automa\u00e7\u00e3o inteligente.<\/span><\/p>\n<p><span style=\"font-weight: 400\">O TOPdesk elimina um dos principais desafios da gest\u00e3o de demandas: a dispers\u00e3o de solicita\u00e7\u00f5es vindas de m\u00faltiplos canais. A plataforma proporciona um ponto \u00fanico de entrada para todas as solicita\u00e7\u00f5es, independente de onde elas venham (e-mail, telefone ou WhatsApp). Essa centraliza\u00e7\u00e3o permite que voc\u00ea tenha visibilidade completa sobre todas as demandas, facilitando a identifica\u00e7\u00e3o de desequil\u00edbrios na carga de trabalho que discutimos aqui.<\/span><\/p>\n<p><span style=\"font-weight: 400\">Uma das grandes vantagens do TOPdesk \u00e9 sua capacidade de automatizar tarefas repetitivas que consomem tempo valioso das equipes. O sistema permite implementar fluxos de trabalho automatizados que executam processos b\u00e1sicos com m\u00ednima ou nenhuma interven\u00e7\u00e3o humana.<\/span><\/p>\n<p><span style=\"font-weight: 400\">O TOPdesk representa, portanto, a evolu\u00e7\u00e3o natural da gest\u00e3o de demandas, transformando processos manuais (e propensos a erros) em fluxos automatizados, inteligentes e eficientes. Comece agora um <\/span><a href=\"https:\/\/www.topdesk.com\/pt\/teste-de-30-dias\/\"><span style=\"font-weight: 400\">teste gr\u00e1tis de 30 dias<\/span><\/a><span style=\"font-weight: 400\">.<\/span><\/p>\n","protected":false},"excerpt":{"rendered":"<p>Carga de trabalho \u00e9 um assunto delicado. N\u00e3o dificilmente alguns membros da sua equipe ficam sobrecarregados enquanto outros t\u00eam tempo livre, por melhor que seja a sua gest\u00e3o de demandas. Acontece que essa desarmonia na distribui\u00e7\u00e3o de tarefas gera uma perda na produtividade e, nos casos de sobrecarga, afetar at\u00e9 mesmo a sa\u00fade mental dos<\/p>\n","protected":false},"author":1,"featured_media":38184,"comment_status":"closed","ping_status":"closed","sticky":false,"template":"","format":"standard","meta":{"_acf_changed":false,"_searchwp_excluded":"","inline_featured_image":false,"editor_notices":[],"footnotes":""},"class_list":["post-38217","post","type-post","status-publish","format-standard","has-post-thumbnail","hentry"],"acf":{"blog_author":26670,"blog_hubspot_cta_link":"","toc_display":"compact","blog_promotion_overwrite":false,"blog_promotion":false},"yoast_head":"<!-- This site is optimized with the Yoast SEO Premium plugin v27.0 (Yoast SEO v27.0) - https:\/\/yoast.com\/product\/yoast-seo-premium-wordpress\/ -->\n<title>Como a gest\u00e3o de demandas pode equilibrar a carga de trabalho em equipes<\/title>\n<meta name=\"description\" content=\"Sem uma gest\u00e3o de demandas eficiente, a produtividade dos colaboradores despenca. Veja como resolver.\" \/>\n<meta name=\"robots\" content=\"index, follow, max-snippet:-1, max-image-preview:large, max-video-preview:-1\" \/>\n<link rel=\"canonical\" href=\"https:\/\/www.topdesk.com\/pt\/blog\/gestao-de-demandas-e-carga-de-trabalho-em-equipes\/\" \/>\n<meta property=\"og:locale\" content=\"en_US\" \/>\n<meta property=\"og:type\" content=\"article\" \/>\n<meta property=\"og:title\" content=\"Como a gest\u00e3o de demandas pode equilibrar a carga de trabalho em equipes? | Melhor suporte, clientes mais satisfeitos | TOPdesk\" \/>\n<meta property=\"og:description\" content=\"Sem uma gest\u00e3o de demandas eficiente, a produtividade dos colaboradores despenca. Veja como resolver.\" \/>\n<meta property=\"og:url\" content=\"https:\/\/www.topdesk.com\/pt\/blog\/gestao-de-demandas-e-carga-de-trabalho-em-equipes\/\" \/>\n<meta property=\"og:site_name\" content=\"T2 TOPdesk - PT\" \/>\n<meta property=\"article:publisher\" content=\"https:\/\/www.facebook.com\/TOPdesk\/\" \/>\n<meta property=\"article:published_time\" content=\"2025-07-24T13:00:06+00:00\" \/>\n<meta property=\"og:image\" content=\"https:\/\/www.topdesk.com\/pt\/wp-content\/media\/sites\/41\/gestao-de-demandas-carga-de-trabalho.jpg\" \/>\n\t<meta property=\"og:image:width\" content=\"1080\" \/>\n\t<meta property=\"og:image:height\" content=\"565\" \/>\n\t<meta property=\"og:image:type\" content=\"image\/jpeg\" \/>\n<meta name=\"author\" content=\"Timon\" \/>\n<meta name=\"twitter:card\" content=\"summary_large_image\" \/>\n<meta name=\"twitter:creator\" content=\"@topdesk\" \/>\n<meta name=\"twitter:site\" content=\"@topdesk\" \/>\n<meta name=\"twitter:label1\" content=\"Written by\" \/>\n\t<meta name=\"twitter:data1\" content=\"Timon\" \/>\n\t<meta name=\"twitter:label2\" content=\"Est. reading time\" \/>\n\t<meta name=\"twitter:data2\" content=\"5 minutes\" \/>\n<script type=\"application\/ld+json\" class=\"yoast-schema-graph\">{\"@context\":\"https:\/\/schema.org\",\"@graph\":[{\"@type\":\"Article\",\"@id\":\"https:\/\/www.topdesk.com\/pt\/blog\/gestao-de-demandas-e-carga-de-trabalho-em-equipes\/#article\",\"isPartOf\":{\"@id\":\"https:\/\/www.topdesk.com\/pt\/blog\/gestao-de-demandas-e-carga-de-trabalho-em-equipes\/\"},\"author\":{\"name\":\"Timon\",\"@id\":\"https:\/\/www.topdesk.com\/pt\/#\/schema\/person\/995a8f0b06d438e37fd23df568798916\"},\"headline\":\"Como a gest\u00e3o de demandas pode equilibrar a carga de trabalho em equipes?\",\"datePublished\":\"2025-07-24T13:00:06+00:00\",\"mainEntityOfPage\":{\"@id\":\"https:\/\/www.topdesk.com\/pt\/blog\/gestao-de-demandas-e-carga-de-trabalho-em-equipes\/\"},\"wordCount\":1151,\"publisher\":{\"@id\":\"https:\/\/www.topdesk.com\/pt\/#organization\"},\"image\":{\"@id\":\"https:\/\/www.topdesk.com\/pt\/blog\/gestao-de-demandas-e-carga-de-trabalho-em-equipes\/#primaryimage\"},\"thumbnailUrl\":\"https:\/\/www.topdesk.com\/pt\/wp-content\/media\/sites\/41\/gestao-de-demandas-carga-de-trabalho.jpg\",\"inLanguage\":\"en-US\"},{\"@type\":\"WebPage\",\"@id\":\"https:\/\/www.topdesk.com\/pt\/blog\/gestao-de-demandas-e-carga-de-trabalho-em-equipes\/\",\"url\":\"https:\/\/www.topdesk.com\/pt\/blog\/gestao-de-demandas-e-carga-de-trabalho-em-equipes\/\",\"name\":\"Como a gest\u00e3o de demandas pode equilibrar a carga de trabalho em equipes\",\"isPartOf\":{\"@id\":\"https:\/\/www.topdesk.com\/pt\/#website\"},\"primaryImageOfPage\":{\"@id\":\"https:\/\/www.topdesk.com\/pt\/blog\/gestao-de-demandas-e-carga-de-trabalho-em-equipes\/#primaryimage\"},\"image\":{\"@id\":\"https:\/\/www.topdesk.com\/pt\/blog\/gestao-de-demandas-e-carga-de-trabalho-em-equipes\/#primaryimage\"},\"thumbnailUrl\":\"https:\/\/www.topdesk.com\/pt\/wp-content\/media\/sites\/41\/gestao-de-demandas-carga-de-trabalho.jpg\",\"datePublished\":\"2025-07-24T13:00:06+00:00\",\"description\":\"Sem uma gest\u00e3o de demandas eficiente, a produtividade dos colaboradores despenca. Veja como resolver.\",\"breadcrumb\":{\"@id\":\"https:\/\/www.topdesk.com\/pt\/blog\/gestao-de-demandas-e-carga-de-trabalho-em-equipes\/#breadcrumb\"},\"inLanguage\":\"en-US\",\"potentialAction\":[{\"@type\":\"ReadAction\",\"target\":[\"https:\/\/www.topdesk.com\/pt\/blog\/gestao-de-demandas-e-carga-de-trabalho-em-equipes\/\"]}]},{\"@type\":\"ImageObject\",\"inLanguage\":\"en-US\",\"@id\":\"https:\/\/www.topdesk.com\/pt\/blog\/gestao-de-demandas-e-carga-de-trabalho-em-equipes\/#primaryimage\",\"url\":\"https:\/\/www.topdesk.com\/pt\/wp-content\/media\/sites\/41\/gestao-de-demandas-carga-de-trabalho.jpg\",\"contentUrl\":\"https:\/\/www.topdesk.com\/pt\/wp-content\/media\/sites\/41\/gestao-de-demandas-carga-de-trabalho.jpg\",\"width\":1080,\"height\":565,\"caption\":\"gest\u00e3o de demandas carga de trabalho\"},{\"@type\":\"BreadcrumbList\",\"@id\":\"https:\/\/www.topdesk.com\/pt\/blog\/gestao-de-demandas-e-carga-de-trabalho-em-equipes\/#breadcrumb\",\"itemListElement\":[{\"@type\":\"ListItem\",\"position\":1,\"name\":\"Home\",\"item\":\"https:\/\/www.topdesk.com\/pt\/\"},{\"@type\":\"ListItem\",\"position\":2,\"name\":\"Como a gest\u00e3o de demandas pode equilibrar a carga de trabalho em equipes?\"}]},{\"@type\":\"WebSite\",\"@id\":\"https:\/\/www.topdesk.com\/pt\/#website\",\"url\":\"https:\/\/www.topdesk.com\/pt\/\",\"name\":\"TOPdesk\",\"description\":\"\",\"publisher\":{\"@id\":\"https:\/\/www.topdesk.com\/pt\/#organization\"},\"potentialAction\":[{\"@type\":\"SearchAction\",\"target\":{\"@type\":\"EntryPoint\",\"urlTemplate\":\"https:\/\/www.topdesk.com\/pt\/?s={search_term_string}\"},\"query-input\":{\"@type\":\"PropertyValueSpecification\",\"valueRequired\":true,\"valueName\":\"search_term_string\"}}],\"inLanguage\":\"en-US\"},{\"@type\":\"Organization\",\"@id\":\"https:\/\/www.topdesk.com\/pt\/#organization\",\"name\":\"TOPdesk\",\"url\":\"https:\/\/www.topdesk.com\/pt\/\",\"logo\":{\"@type\":\"ImageObject\",\"inLanguage\":\"en-US\",\"@id\":\"https:\/\/www.topdesk.com\/pt\/#\/schema\/logo\/image\/\",\"url\":\"https:\/\/www.topdesk.com\/pt\/wp-content\/media\/sites\/41\/TOPdesk_RGB_Logo.svg\",\"contentUrl\":\"https:\/\/www.topdesk.com\/pt\/wp-content\/media\/sites\/41\/TOPdesk_RGB_Logo.svg\",\"width\":1,\"height\":1,\"caption\":\"TOPdesk\"},\"image\":{\"@id\":\"https:\/\/www.topdesk.com\/pt\/#\/schema\/logo\/image\/\"},\"sameAs\":[\"https:\/\/www.facebook.com\/TOPdesk\/\",\"https:\/\/x.com\/topdesk\",\"https:\/\/www.instagram.com\/topdeskuk\/\",\"https:\/\/www.linkedin.com\/company\/topdesk\/\",\"https:\/\/www.youtube.com\/user\/topdesk\",\"https:\/\/en.wikipedia.org\/wiki\/TOPdesk\"]},{\"@type\":\"Person\",\"@id\":\"https:\/\/www.topdesk.com\/pt\/#\/schema\/person\/995a8f0b06d438e37fd23df568798916\",\"name\":\"Timon\",\"image\":{\"@type\":\"ImageObject\",\"inLanguage\":\"en-US\",\"@id\":\"https:\/\/www.topdesk.com\/pt\/#\/schema\/person\/image\/\",\"url\":\"https:\/\/secure.gravatar.com\/avatar\/1fac7dde1292f6d6d9f0a1a1cb50176a90d95f13cc97c2dc977b11e0787668c8?s=96&d=mm&r=g\",\"contentUrl\":\"https:\/\/secure.gravatar.com\/avatar\/1fac7dde1292f6d6d9f0a1a1cb50176a90d95f13cc97c2dc977b11e0787668c8?s=96&d=mm&r=g\",\"caption\":\"Timon\"}}]}<\/script>\n<!-- \/ Yoast SEO Premium plugin. -->","yoast_head_json":{"title":"Como a gest\u00e3o de demandas pode equilibrar a carga de trabalho em equipes","description":"Sem uma gest\u00e3o de demandas eficiente, a produtividade dos colaboradores despenca. Veja como resolver.","robots":{"index":"index","follow":"follow","max-snippet":"max-snippet:-1","max-image-preview":"max-image-preview:large","max-video-preview":"max-video-preview:-1"},"canonical":"https:\/\/www.topdesk.com\/pt\/blog\/gestao-de-demandas-e-carga-de-trabalho-em-equipes\/","og_locale":"en_US","og_type":"article","og_title":"Como a gest\u00e3o de demandas pode equilibrar a carga de trabalho em equipes? | Melhor suporte, clientes mais satisfeitos | TOPdesk","og_description":"Sem uma gest\u00e3o de demandas eficiente, a produtividade dos colaboradores despenca. Veja como resolver.","og_url":"https:\/\/www.topdesk.com\/pt\/blog\/gestao-de-demandas-e-carga-de-trabalho-em-equipes\/","og_site_name":"T2 TOPdesk - PT","article_publisher":"https:\/\/www.facebook.com\/TOPdesk\/","article_published_time":"2025-07-24T13:00:06+00:00","og_image":[{"width":1080,"height":565,"url":"https:\/\/www.topdesk.com\/pt\/wp-content\/media\/sites\/41\/gestao-de-demandas-carga-de-trabalho.jpg","type":"image\/jpeg"}],"author":"Timon","twitter_card":"summary_large_image","twitter_creator":"@topdesk","twitter_site":"@topdesk","twitter_misc":{"Written by":"Timon","Est. reading time":"5 minutes"},"schema":{"@context":"https:\/\/schema.org","@graph":[{"@type":"Article","@id":"https:\/\/www.topdesk.com\/pt\/blog\/gestao-de-demandas-e-carga-de-trabalho-em-equipes\/#article","isPartOf":{"@id":"https:\/\/www.topdesk.com\/pt\/blog\/gestao-de-demandas-e-carga-de-trabalho-em-equipes\/"},"author":{"name":"Timon","@id":"https:\/\/www.topdesk.com\/pt\/#\/schema\/person\/995a8f0b06d438e37fd23df568798916"},"headline":"Como a gest\u00e3o de demandas pode equilibrar a carga de trabalho em equipes?","datePublished":"2025-07-24T13:00:06+00:00","mainEntityOfPage":{"@id":"https:\/\/www.topdesk.com\/pt\/blog\/gestao-de-demandas-e-carga-de-trabalho-em-equipes\/"},"wordCount":1151,"publisher":{"@id":"https:\/\/www.topdesk.com\/pt\/#organization"},"image":{"@id":"https:\/\/www.topdesk.com\/pt\/blog\/gestao-de-demandas-e-carga-de-trabalho-em-equipes\/#primaryimage"},"thumbnailUrl":"https:\/\/www.topdesk.com\/pt\/wp-content\/media\/sites\/41\/gestao-de-demandas-carga-de-trabalho.jpg","inLanguage":"en-US"},{"@type":"WebPage","@id":"https:\/\/www.topdesk.com\/pt\/blog\/gestao-de-demandas-e-carga-de-trabalho-em-equipes\/","url":"https:\/\/www.topdesk.com\/pt\/blog\/gestao-de-demandas-e-carga-de-trabalho-em-equipes\/","name":"Como a gest\u00e3o de demandas pode equilibrar a carga de trabalho em equipes","isPartOf":{"@id":"https:\/\/www.topdesk.com\/pt\/#website"},"primaryImageOfPage":{"@id":"https:\/\/www.topdesk.com\/pt\/blog\/gestao-de-demandas-e-carga-de-trabalho-em-equipes\/#primaryimage"},"image":{"@id":"https:\/\/www.topdesk.com\/pt\/blog\/gestao-de-demandas-e-carga-de-trabalho-em-equipes\/#primaryimage"},"thumbnailUrl":"https:\/\/www.topdesk.com\/pt\/wp-content\/media\/sites\/41\/gestao-de-demandas-carga-de-trabalho.jpg","datePublished":"2025-07-24T13:00:06+00:00","description":"Sem uma gest\u00e3o de demandas eficiente, a produtividade dos colaboradores despenca. Veja como resolver.","breadcrumb":{"@id":"https:\/\/www.topdesk.com\/pt\/blog\/gestao-de-demandas-e-carga-de-trabalho-em-equipes\/#breadcrumb"},"inLanguage":"en-US","potentialAction":[{"@type":"ReadAction","target":["https:\/\/www.topdesk.com\/pt\/blog\/gestao-de-demandas-e-carga-de-trabalho-em-equipes\/"]}]},{"@type":"ImageObject","inLanguage":"en-US","@id":"https:\/\/www.topdesk.com\/pt\/blog\/gestao-de-demandas-e-carga-de-trabalho-em-equipes\/#primaryimage","url":"https:\/\/www.topdesk.com\/pt\/wp-content\/media\/sites\/41\/gestao-de-demandas-carga-de-trabalho.jpg","contentUrl":"https:\/\/www.topdesk.com\/pt\/wp-content\/media\/sites\/41\/gestao-de-demandas-carga-de-trabalho.jpg","width":1080,"height":565,"caption":"gest\u00e3o de demandas carga de trabalho"},{"@type":"BreadcrumbList","@id":"https:\/\/www.topdesk.com\/pt\/blog\/gestao-de-demandas-e-carga-de-trabalho-em-equipes\/#breadcrumb","itemListElement":[{"@type":"ListItem","position":1,"name":"Home","item":"https:\/\/www.topdesk.com\/pt\/"},{"@type":"ListItem","position":2,"name":"Como a gest\u00e3o de demandas pode equilibrar a carga de trabalho em equipes?"}]},{"@type":"WebSite","@id":"https:\/\/www.topdesk.com\/pt\/#website","url":"https:\/\/www.topdesk.com\/pt\/","name":"TOPdesk","description":"","publisher":{"@id":"https:\/\/www.topdesk.com\/pt\/#organization"},"potentialAction":[{"@type":"SearchAction","target":{"@type":"EntryPoint","urlTemplate":"https:\/\/www.topdesk.com\/pt\/?s={search_term_string}"},"query-input":{"@type":"PropertyValueSpecification","valueRequired":true,"valueName":"search_term_string"}}],"inLanguage":"en-US"},{"@type":"Organization","@id":"https:\/\/www.topdesk.com\/pt\/#organization","name":"TOPdesk","url":"https:\/\/www.topdesk.com\/pt\/","logo":{"@type":"ImageObject","inLanguage":"en-US","@id":"https:\/\/www.topdesk.com\/pt\/#\/schema\/logo\/image\/","url":"https:\/\/www.topdesk.com\/pt\/wp-content\/media\/sites\/41\/TOPdesk_RGB_Logo.svg","contentUrl":"https:\/\/www.topdesk.com\/pt\/wp-content\/media\/sites\/41\/TOPdesk_RGB_Logo.svg","width":1,"height":1,"caption":"TOPdesk"},"image":{"@id":"https:\/\/www.topdesk.com\/pt\/#\/schema\/logo\/image\/"},"sameAs":["https:\/\/www.facebook.com\/TOPdesk\/","https:\/\/x.com\/topdesk","https:\/\/www.instagram.com\/topdeskuk\/","https:\/\/www.linkedin.com\/company\/topdesk\/","https:\/\/www.youtube.com\/user\/topdesk","https:\/\/en.wikipedia.org\/wiki\/TOPdesk"]},{"@type":"Person","@id":"https:\/\/www.topdesk.com\/pt\/#\/schema\/person\/995a8f0b06d438e37fd23df568798916","name":"Timon","image":{"@type":"ImageObject","inLanguage":"en-US","@id":"https:\/\/www.topdesk.com\/pt\/#\/schema\/person\/image\/","url":"https:\/\/secure.gravatar.com\/avatar\/1fac7dde1292f6d6d9f0a1a1cb50176a90d95f13cc97c2dc977b11e0787668c8?s=96&d=mm&r=g","contentUrl":"https:\/\/secure.gravatar.com\/avatar\/1fac7dde1292f6d6d9f0a1a1cb50176a90d95f13cc97c2dc977b11e0787668c8?s=96&d=mm&r=g","caption":"Timon"}}]}},"_links":{"self":[{"href":"https:\/\/www.topdesk.com\/pt\/wp-json\/wp\/v2\/posts\/38217","targetHints":{"allow":["GET"]}}],"collection":[{"href":"https:\/\/www.topdesk.com\/pt\/wp-json\/wp\/v2\/posts"}],"about":[{"href":"https:\/\/www.topdesk.com\/pt\/wp-json\/wp\/v2\/types\/post"}],"author":[{"embeddable":true,"href":"https:\/\/www.topdesk.com\/pt\/wp-json\/wp\/v2\/users\/1"}],"replies":[{"embeddable":true,"href":"https:\/\/www.topdesk.com\/pt\/wp-json\/wp\/v2\/comments?post=38217"}],"version-history":[{"count":1,"href":"https:\/\/www.topdesk.com\/pt\/wp-json\/wp\/v2\/posts\/38217\/revisions"}],"predecessor-version":[{"id":38220,"href":"https:\/\/www.topdesk.com\/pt\/wp-json\/wp\/v2\/posts\/38217\/revisions\/38220"}],"acf:post":[{"embeddable":true,"href":"https:\/\/www.topdesk.com\/pt\/wp-json\/wp\/v2\/person\/26670"}],"wp:featuredmedia":[{"embeddable":true,"href":"https:\/\/www.topdesk.com\/pt\/wp-json\/wp\/v2\/media\/38184"}],"wp:attachment":[{"href":"https:\/\/www.topdesk.com\/pt\/wp-json\/wp\/v2\/media?parent=38217"}],"curies":[{"name":"wp","href":"https:\/\/api.w.org\/{rel}","templated":true}]}}